{"id":2391,"date":"2012-08-10T13:45:19","date_gmt":"2012-08-10T13:45:19","guid":{"rendered":"http:\/\/www.facsimilefinder.com\/articles\/?p=2391"},"modified":"2017-06-14T07:27:03","modified_gmt":"2017-06-14T07:27:03","slug":"eidgenossische-chronik-des-wernher-schodoler-faksimile","status":"publish","type":"post","link":"https:\/\/www.facsimilefinder.com\/articles\/eidgenossische-chronik-des-wernher-schodoler-faksimile\/","title":{"rendered":"Eidgen\u00f6ssische Chronik des Wernher Schodoler"},"content":{"rendered":"<h3><\/h3>\n<figure id=\"attachment_2394\" class=\"wp-caption aligncenter\" ><a href=\"http:\/\/www.facsimilefinder.com\/articles\/wp-content\/uploads\/2015\/08\/j1.png\"><img loading=\"lazy\" decoding=\"async\" class=\"wp-image-2394 size-full\" src=\"http:\/\/www.facsimilefinder.com\/articles\/wp-content\/uploads\/2015\/08\/j1.png\" alt=\"Fol. 93v\/94r: Gefangennahme und Hinrichtung der Besatzung von Greifensee durch die Eidgenossen 1444.\" width=\"960\" height=\"553\" \/><\/a><figcaption class=\"wp-caption-text\">Fol. 93v\/94r: Gefangennahme und Hinrichtung der Besatzung von Greifensee durch die Eidgenossen 1444.<\/figcaption><\/figure>\n<h3>Ein Standardwerk Der Schweizer Geschichte<\/h3>\n<p>Meilenstein der Schweizer Chronistik<\/p>\n<p>Die Eidgen\u00f6ssische Chronik des Wernher Schodoler z\u00e4hlt zu den bedeutendsten Schweizer Bilderchroniken. Sie besteht aus drei B\u00e4nden und gilt besonders wegen ihrer Illustrationen als ein wichtiges Dokument jener Zeit, die der Schlacht bei Marignano vorausgegangen ist.<\/p>\n<p>W\u00e4hrend bis dahin die gro\u00dfen Bilderchroniken noch mittelalterlicher Tradition verpflichtet gewesen waren, \u00f6ffnete die Chronik des Schodoler die T\u00fcr zu einer neuen Zeit: der Renaissance. Jeder der drei B\u00e4nde ging aus bisher unbekannten Gr\u00fcnden eigene Wege. Erst durch die Faksimilierung konnte das Gesamtwerk wieder vereint werden.<\/p>\n<h3>Der Chronist \u2013 Wernher Schodoler<\/h3>\n<p>Wernher Schodoler wurde 1490 in Bremgarten, der Stadt an der Reuss, geboren, wo seine Vorfahren bereits seit Jahrhunderten ans\u00e4ssig waren. Der Chronist selbst und seine Familie z\u00e4hlten zu den angesehensten B\u00fcrgern der Stadt. Sein Gro\u00dfvater und sein Vater hatten als Schulthei\u00dfen dem st\u00e4dtischen Gemeinwesen vorgestanden.<\/p>\n<p>Im ersten Jahrzehnt des 15. Jahrhunderts war Schodoler als Kanzleigehilfe in Bern t\u00e4tig, wo er Einblick sowohl in die Politik dieses f\u00fchrenden eidgen\u00f6ssischen Ortes als auch in die ber\u00fchmten dort aufbewahrten Chroniken gewann. In seine Heimatstadt zur\u00fcckgekehrt, stieg Schodoler schnell die Karriereleiter empor. Bis zu seinem tragischen Tod an der Pest 1541 hatte er die h\u00f6chsten \u00c4mter in Bremgarten inne.<\/p>\n<p>Bis heute ist nicht bekannt, was den vielbesch\u00e4ftigten Stadtschreiber, der \u00fcberdies an mehreren Kriegsz\u00fcgen teilgenommen hatte, dazu bewog, aus eigener Initiative eine umfangreiche Chronik zu schreiben. Es ist die einzige Chronik, die aus einem Untertanengebiet stammt. Schon deshalb ist sie von gehobener Bedeutung.<\/p>\n<figure id=\"attachment_2393\" class=\"wp-caption aligncenter\" ><img loading=\"lazy\" decoding=\"async\" class=\"wp-image-2393 size-full\" src=\"http:\/\/www.facsimilefinder.com\/articles\/wp-content\/uploads\/2015\/08\/j2.png\" alt=\"Eidgen\u00f6ssische Chronik des Wernher Schodoler - Faksimile\" width=\"491\" height=\"650\" \/><figcaption class=\"wp-caption-text\">Eidgen\u00f6ssische Chronik des Wernher Schodoler &#8211; Faksimile<\/figcaption><\/figure>\n<h3>Rezeption bewegter Geschichte<\/h3>\n<p>Schodoler hat den gr\u00f6\u00dften Teil seines Werks aus anderen zeitgen\u00f6ssischen Chroniken, darunter der offiziellen Berner Chronik des Diebold Schilling, \u00fcbernommen.<\/p>\n<p>Doch hat er den Text kritisch verwertet, indem er Geschehnisse anders kommentierte, Textpartien, die ihm nicht ins Bild passten, weglie\u00df oder seinem Urteil gem\u00e4\u00df erg\u00e4nzte. Er hatte nicht nur eine eigene Meinung, sondern auch den Mut, sie zu \u00e4u\u00dfern.<\/p>\n<p>Auch eigene Texte enth\u00e4lt die Chronik; manche davon sind ber\u00fchmt geworden, wie etwa die Schilderung der Schlacht bei Marignano, an der Schodoler selbst teilgenommen hatte. Text und Bilder befassen sich nicht nur mit Staatsaktionen und Kriegsz\u00fcgen, sie befassen sich auch mit dem Alltag. Darum ist die Chronik eine wichtige und ersch\u00f6pfende Quelle f\u00fcr jeden historisch Interessierten.<\/p>\n<h3>Die drei B\u00e4nde<\/h3>\n<p>Der erste Band erz\u00e4hlt die Geschichte der Eidgenossenschaft bis zum Konzil von Konstanz (1415). Der Text ist in gotischer Kurrentschrift geschrieben. Zwar wurden die urspr\u00fcnglich vorgesehenen Illustrationen, f\u00fcr die im Text der entsprechende Platz ausgespart ist, nie eingef\u00fcgt, jedoch beginnen alle neuen Abschnitte mit farbigen Initialen und sind mit Rankenwerk geschm\u00fcckt.<\/p>\n<p>Der zweite Band enth\u00e4lt haupts\u00e4chlich die Geschichte des Alten Z\u00fcrichkrieges. Bis auf wenige selbstverfasste Abs\u00e4tze st\u00fctzt er sich vornehmlich auf Etterlin, den Berner Schilling und die Chronik der Stadt Z\u00fcrich. Der Band ist mit 130 kolorierten Federzeichnungen sowie farbigen und goldenen Initialen geschm\u00fcckt. Drei Zeichner haben ihn illustriert, von denen einer vermutlich Schodoler selbst war. Die Bilder dieses Bandes zeichnen sich durch eine \u00fcberraschend atmosph\u00e4rische Wirkung aus. Das mittelalterliche Weltbild der \u00e4lteren Schweizer Bilderchroniken hat einem neuen Raum- und Lebensgef\u00fchl Platz gemacht. Der K\u00fcnstler beobachtete scharf, und er vermochte seine Beobachtungen zu einer \u00fcberzeugenden Bildkomposition zusammenzufassen.<\/p>\n<p>Der dritte Band, ebenfalls in Leder gebunden, beschreibt die Ereignisse aus dem M\u00fchlhauserkrieg, dem Burgunderkrieg, dem Schwabenkrieg und den italienischen Feldz\u00fcgen. Auch hier basiert Schodolers Werk auf der Berner Chronik des Diebold Schilling und auf Etterlin. Der dritte Band enth\u00e4lt 196 Federzeichnungen in Sepia, die von der Hand eines unbekannten K\u00fcnstlers stammen. Dieser w\u00e4chst in der Komposition \u00fcber die fr\u00fcheren Chronikillustratoren hinaus. Die Landschaftsperspektive \u2013 und dies ist neu \u2013 hat Weite und Tiefe. Zudem spricht aus den Geb\u00e4rden der dargestellten Menschen bereits das K\u00f6rpergef\u00fchl der Renaissance. Die bildliche Aussage der Chronik des Wernher Schodoler gilt als charakteristisches Dokument der Zeit und als Zeugnis eines damals in so eigenartiger Weise verwirklichten Menschentypus, der Krieger und K\u00fcnstler in sich vereinigte.<\/p>\n<figure id=\"attachment_2392\" class=\"wp-caption aligncenter\" ><img loading=\"lazy\" decoding=\"async\" class=\"wp-image-2392 size-full\" src=\"http:\/\/www.facsimilefinder.com\/articles\/wp-content\/uploads\/2015\/08\/j3.png\" alt=\"Fol. 16r: Der Ritter Rudolf St\u00fcssi, B\u00fcrgermeister und Hauptmann von Z\u00fcrich, zieht mit einer Streitmacht nach Pf\u00e4ffikon. Dies spielte sich im Jahre 1437 im Rahmen der innereidgen\u00f6s\u00adsischen Auseinander\u00adsetzungen des Alten Z\u00fcrichkriegs ab.\" width=\"465\" height=\"650\" \/><figcaption class=\"wp-caption-text\">Fol. 16r: Der Ritter Rudolf St\u00fcssi, B\u00fcrgermeister und Hauptmann von Z\u00fcrich, zieht mit einer Streitmacht nach Pf\u00e4ffikon. Dies spielte sich im Jahre 1437 im Rahmen der innereidgen\u00f6s\u00adsischen Auseinander\u00adsetzungen des Alten Z\u00fcrichkriegs ab.<\/figcaption><\/figure>\n<h3>Die Faksimile-Edition<\/h3>\n<p>Die B\u00e4nde zwei und drei der Chronik wurden im Format von 39,5 x 29,5 cm faksimiliert. Die Auflage ist auf 980 numerierte Exemplare limitiert. Beide B\u00e4nde umfassen zusammen 1048 Seiten mit insgesamt 325 Illustrationen. Bei Band 1 wurde auf eine Faksimilierung verzichtet, da dieser trotz des ausgesparten Platzes keine Illustrationen aufweist. Beide Einb\u00e4nde sind aus Schweinsleder in feinster Ausf\u00fchrung gefertigt und mit Blindpr\u00e4gungen sowie Beschl\u00e4gen und Buchschlie\u00dfen aus Messing geschm\u00fcckt.<\/p>\n<p>Das Kapitalband wurde von Hand umstochen, und alle Doppelbl\u00e4tter wurden von Hand geheftet.<\/p>\n<h3>Der Kommentarband<\/h3>\n<p>Obwohl der erste Band der Chronik nicht faksimiliert wurde, wurde auch dessen Text wie derjenige der beiden anderen B\u00e4nde transkribiert, so dass erstmals eine vollst\u00e4ndige Edition des Gesamtwerks vorliegt. Zus\u00e4tzlich beinhaltet der Kommentarband auch die zwei ausgef\u00fchrten Bild- und zwei Initialseiten aus dem ersten Band. Ein Team von anerkannten Experten untersuchte die Handschrift aus allen Blickwinkeln, um einen Einblick in die Welt des Wernher Schodoler zu geben.<\/p>\n<p>Auf 412 Seiten widmen sich folgende Wissenschaftler den gestellten Aufgaben: Prof. Dr. Pascal Ladner, Dr. Walter Benz, Dr. Eugen B\u00fcrgisser, Dr. C\u00e4sar Menz, Dr. Franz B\u00e4chtiger und Prof. Dr. Eduard Studer.<\/p>\n","protected":false},"excerpt":{"rendered":"<p>Besonders wegen ihrer Illustrationen, die Perspektive und atmosph\u00e4rische Wirkung auszeichnen, gilt diese Chronik aus dem 16. Jahrhundert als Meilenstein der Schweizer Chronistik. Der Stadtschreiber Schodoler \u00fcbernahm den Gro\u00dfteil des Textes kritisch aus bestehenden Chroniken.<\/p>\n","protected":false},"author":13,"featured_media":4126,"comment_status":"closed","ping_status":"closed","sticky":false,"template":"","format":"standard","meta":{"jetpack_post_was_ever_published":false,"_jetpack_newsletter_access":"","_jetpack_dont_email_post_to_subs":false,"_jetpack_newsletter_tier_id":0,"_jetpack_memberships_contains_paywalled_content":false,"_jetpack_memberships_contains_paid_content":false,"footnotes":""},"categories":[164,4],"tags":[108],"yoast_head":"<!-- This site is optimized with the Yoast SEO plugin v22.9 - https:\/\/yoast.com\/wordpress\/plugins\/seo\/ -->\n<title>Eidgen\u00f6ssische Chronik des Wernher Schodoler - Faksimile Verlag<\/title>\n<meta name=\"description\" content=\"Besonders wegen ihrer Illustrationen, die Perspektive und atmosph\u00e4rische Wirkung auszeichnen, gilt diese Chronik aus dem 16. Jahrhundert als Meilenstein der Schweizer Chronistik. Der Stadtschreiber Schodoler \u00fcbernahm den Gro\u00dfteil des Textes kritisch aus bestehenden Chroniken.\" \/>\n<meta name=\"robots\" content=\"index, follow, max-snippet:-1, max-image-preview:large, max-video-preview:-1\" \/>\n<link rel=\"canonical\" href=\"https:\/\/www.facsimilefinder.com\/articles\/eidgenossische-chronik-des-wernher-schodoler-faksimile\/\" \/>\n<meta property=\"og:locale\" content=\"en_US\" \/>\n<meta property=\"og:type\" content=\"article\" \/>\n<meta property=\"og:title\" content=\"Eidgen\u00f6ssische Chronik des Wernher Schodoler - Faksimile Verlag\" \/>\n<meta property=\"og:description\" content=\"Besonders wegen ihrer Illustrationen, die Perspektive und atmosph\u00e4rische Wirkung auszeichnen, gilt diese Chronik aus dem 16. Jahrhundert als Meilenstein der Schweizer Chronistik. Der Stadtschreiber Schodoler \u00fcbernahm den Gro\u00dfteil des Textes kritisch aus bestehenden Chroniken.\" \/>\n<meta property=\"og:url\" content=\"https:\/\/www.facsimilefinder.com\/articles\/eidgenossische-chronik-des-wernher-schodoler-faksimile\/\" \/>\n<meta property=\"og:site_name\" content=\"Facsimile Finder Blog\" \/>\n<meta property=\"article:publisher\" content=\"http:\/\/www.facebook.com\/FacsimileFinder\" \/>\n<meta property=\"article:published_time\" content=\"2012-08-10T13:45:19+00:00\" \/>\n<meta property=\"article:modified_time\" content=\"2017-06-14T07:27:03+00:00\" \/>\n<meta property=\"og:image\" content=\"https:\/\/www.facsimilefinder.com\/articles\/wp-content\/uploads\/2012\/08\/388_22_978-3-577-13700-3_EC_offen.png\" \/>\n\t<meta property=\"og:image:width\" content=\"550\" \/>\n\t<meta property=\"og:image:height\" content=\"317\" \/>\n\t<meta property=\"og:image:type\" content=\"image\/png\" \/>\n<meta name=\"author\" content=\"Faksimile Verlag\" \/>\n<meta name=\"twitter:card\" content=\"summary_large_image\" \/>\n<meta name=\"twitter:creator\" content=\"@FacsimileFinder\" \/>\n<meta name=\"twitter:site\" content=\"@FacsimileFinder\" \/>\n<meta name=\"twitter:label1\" content=\"Written by\" \/>\n\t<meta name=\"twitter:data1\" content=\"Faksimile Verlag\" \/>\n\t<meta name=\"twitter:label2\" content=\"Est. reading time\" \/>\n\t<meta name=\"twitter:data2\" content=\"5 minutes\" \/>\n<script type=\"application\/ld+json\" class=\"yoast-schema-graph\">{\"@context\":\"https:\/\/schema.org\",\"@graph\":[{\"@type\":\"Article\",\"@id\":\"https:\/\/www.facsimilefinder.com\/articles\/eidgenossische-chronik-des-wernher-schodoler-faksimile\/#article\",\"isPartOf\":{\"@id\":\"https:\/\/www.facsimilefinder.com\/articles\/eidgenossische-chronik-des-wernher-schodoler-faksimile\/\"},\"author\":{\"name\":\"Faksimile Verlag\",\"@id\":\"https:\/\/www.facsimilefinder.com\/articles\/#\/schema\/person\/0febee4b48a7d8843fb8ca8691c3fca8\"},\"headline\":\"Eidgen\u00f6ssische Chronik des Wernher Schodoler\",\"datePublished\":\"2012-08-10T13:45:19+00:00\",\"dateModified\":\"2017-06-14T07:27:03+00:00\",\"mainEntityOfPage\":{\"@id\":\"https:\/\/www.facsimilefinder.com\/articles\/eidgenossische-chronik-des-wernher-schodoler-faksimile\/\"},\"wordCount\":960,\"publisher\":{\"@id\":\"https:\/\/www.facsimilefinder.com\/articles\/#organization\"},\"image\":{\"@id\":\"https:\/\/www.facsimilefinder.com\/articles\/eidgenossische-chronik-des-wernher-schodoler-faksimile\/#primaryimage\"},\"thumbnailUrl\":\"https:\/\/www.facsimilefinder.com\/articles\/wp-content\/uploads\/2012\/08\/388_22_978-3-577-13700-3_EC_offen.png\",\"keywords\":[\"Faksimile Verlag\"],\"articleSection\":[\"Faksimile Verlag\",\"Illuminated Manuscripts\"],\"inLanguage\":\"en-US\"},{\"@type\":\"WebPage\",\"@id\":\"https:\/\/www.facsimilefinder.com\/articles\/eidgenossische-chronik-des-wernher-schodoler-faksimile\/\",\"url\":\"https:\/\/www.facsimilefinder.com\/articles\/eidgenossische-chronik-des-wernher-schodoler-faksimile\/\",\"name\":\"Eidgen\u00f6ssische Chronik des Wernher Schodoler - Faksimile Verlag\",\"isPartOf\":{\"@id\":\"https:\/\/www.facsimilefinder.com\/articles\/#website\"},\"primaryImageOfPage\":{\"@id\":\"https:\/\/www.facsimilefinder.com\/articles\/eidgenossische-chronik-des-wernher-schodoler-faksimile\/#primaryimage\"},\"image\":{\"@id\":\"https:\/\/www.facsimilefinder.com\/articles\/eidgenossische-chronik-des-wernher-schodoler-faksimile\/#primaryimage\"},\"thumbnailUrl\":\"https:\/\/www.facsimilefinder.com\/articles\/wp-content\/uploads\/2012\/08\/388_22_978-3-577-13700-3_EC_offen.png\",\"datePublished\":\"2012-08-10T13:45:19+00:00\",\"dateModified\":\"2017-06-14T07:27:03+00:00\",\"description\":\"Besonders wegen ihrer Illustrationen, die Perspektive und atmosph\u00e4rische Wirkung auszeichnen, gilt diese Chronik aus dem 16. Jahrhundert als Meilenstein der Schweizer Chronistik. Der Stadtschreiber Schodoler \u00fcbernahm den Gro\u00dfteil des Textes kritisch aus bestehenden Chroniken.\",\"inLanguage\":\"en-US\",\"potentialAction\":[{\"@type\":\"ReadAction\",\"target\":[\"https:\/\/www.facsimilefinder.com\/articles\/eidgenossische-chronik-des-wernher-schodoler-faksimile\/\"]}]},{\"@type\":\"ImageObject\",\"inLanguage\":\"en-US\",\"@id\":\"https:\/\/www.facsimilefinder.com\/articles\/eidgenossische-chronik-des-wernher-schodoler-faksimile\/#primaryimage\",\"url\":\"https:\/\/www.facsimilefinder.com\/articles\/wp-content\/uploads\/2012\/08\/388_22_978-3-577-13700-3_EC_offen.png\",\"contentUrl\":\"https:\/\/www.facsimilefinder.com\/articles\/wp-content\/uploads\/2012\/08\/388_22_978-3-577-13700-3_EC_offen.png\",\"width\":550,\"height\":317},{\"@type\":\"WebSite\",\"@id\":\"https:\/\/www.facsimilefinder.com\/articles\/#website\",\"url\":\"https:\/\/www.facsimilefinder.com\/articles\/\",\"name\":\"Facsimile Finder BookPlate\",\"description\":\"News from the world of facsimile editions and more.\",\"publisher\":{\"@id\":\"https:\/\/www.facsimilefinder.com\/articles\/#organization\"},\"potentialAction\":[{\"@type\":\"SearchAction\",\"target\":{\"@type\":\"EntryPoint\",\"urlTemplate\":\"https:\/\/www.facsimilefinder.com\/articles\/?s={search_term_string}\"},\"query-input\":\"required name=search_term_string\"}],\"inLanguage\":\"en-US\"},{\"@type\":\"Organization\",\"@id\":\"https:\/\/www.facsimilefinder.com\/articles\/#organization\",\"name\":\"Facsimile Finder\",\"url\":\"https:\/\/www.facsimilefinder.com\/articles\/\",\"logo\":{\"@type\":\"ImageObject\",\"inLanguage\":\"en-US\",\"@id\":\"https:\/\/www.facsimilefinder.com\/articles\/#\/schema\/logo\/image\/\",\"url\":\"https:\/\/www.facsimilefinder.com\/articles\/wp-content\/uploads\/2022\/10\/Logo-FF-Verticale.png\",\"contentUrl\":\"https:\/\/www.facsimilefinder.com\/articles\/wp-content\/uploads\/2022\/10\/Logo-FF-Verticale.png\",\"width\":416,\"height\":399,\"caption\":\"Facsimile Finder\"},\"image\":{\"@id\":\"https:\/\/www.facsimilefinder.com\/articles\/#\/schema\/logo\/image\/\"},\"sameAs\":[\"http:\/\/www.facebook.com\/FacsimileFinder\",\"https:\/\/x.com\/FacsimileFinder\",\"https:\/\/www.instagram.com\/facsimilefinder\/\",\"https:\/\/www.linkedin.com\/company\/facsimile-finder\/\",\"https:\/\/www.youtube.com\/@facsimiles\"]},{\"@type\":\"Person\",\"@id\":\"https:\/\/www.facsimilefinder.com\/articles\/#\/schema\/person\/0febee4b48a7d8843fb8ca8691c3fca8\",\"name\":\"Faksimile Verlag\",\"image\":{\"@type\":\"ImageObject\",\"inLanguage\":\"en-US\",\"@id\":\"https:\/\/www.facsimilefinder.com\/articles\/#\/schema\/person\/image\/\",\"url\":\"https:\/\/secure.gravatar.com\/avatar\/6e356486806833e08e75a419ea338eb1?s=96&d=mm&r=g\",\"contentUrl\":\"https:\/\/secure.gravatar.com\/avatar\/6e356486806833e08e75a419ea338eb1?s=96&d=mm&r=g\",\"caption\":\"Faksimile Verlag\"},\"description\":\"Established in Switzerland in 1974, Faksimile Verlag has published over 60 editions in forty years of activity, and has worked with the most renowned libraries and museums in the world. Through publishing in facsimile the most significant medieval manuscripts, such as the Book of Kells, the Lindisfarne Gospels, the Vienna Coronation Gospels, and many more, Faksimile Verlag is considered a legend within its field. All texts are by courtesy of \u00a9 Faksimile Verlag\",\"url\":\"https:\/\/www.facsimilefinder.com\/articles\/author\/faksimile-verlag\/\"}]}<\/script>\n<!-- \/ Yoast SEO plugin. -->","yoast_head_json":{"title":"Eidgen\u00f6ssische Chronik des Wernher Schodoler - Faksimile Verlag","description":"Besonders wegen ihrer Illustrationen, die Perspektive und atmosph\u00e4rische Wirkung auszeichnen, gilt diese Chronik aus dem 16. Jahrhundert als Meilenstein der Schweizer Chronistik. Der Stadtschreiber Schodoler \u00fcbernahm den Gro\u00dfteil des Textes kritisch aus bestehenden Chroniken.","robots":{"index":"index","follow":"follow","max-snippet":"max-snippet:-1","max-image-preview":"max-image-preview:large","max-video-preview":"max-video-preview:-1"},"canonical":"https:\/\/www.facsimilefinder.com\/articles\/eidgenossische-chronik-des-wernher-schodoler-faksimile\/","og_locale":"en_US","og_type":"article","og_title":"Eidgen\u00f6ssische Chronik des Wernher Schodoler - Faksimile Verlag","og_description":"Besonders wegen ihrer Illustrationen, die Perspektive und atmosph\u00e4rische Wirkung auszeichnen, gilt diese Chronik aus dem 16. Jahrhundert als Meilenstein der Schweizer Chronistik. Der Stadtschreiber Schodoler \u00fcbernahm den Gro\u00dfteil des Textes kritisch aus bestehenden Chroniken.","og_url":"https:\/\/www.facsimilefinder.com\/articles\/eidgenossische-chronik-des-wernher-schodoler-faksimile\/","og_site_name":"Facsimile Finder Blog","article_publisher":"http:\/\/www.facebook.com\/FacsimileFinder","article_published_time":"2012-08-10T13:45:19+00:00","article_modified_time":"2017-06-14T07:27:03+00:00","og_image":[{"width":550,"height":317,"url":"https:\/\/www.facsimilefinder.com\/articles\/wp-content\/uploads\/2012\/08\/388_22_978-3-577-13700-3_EC_offen.png","type":"image\/png"}],"author":"Faksimile Verlag","twitter_card":"summary_large_image","twitter_creator":"@FacsimileFinder","twitter_site":"@FacsimileFinder","twitter_misc":{"Written by":"Faksimile Verlag","Est. reading time":"5 minutes"},"schema":{"@context":"https:\/\/schema.org","@graph":[{"@type":"Article","@id":"https:\/\/www.facsimilefinder.com\/articles\/eidgenossische-chronik-des-wernher-schodoler-faksimile\/#article","isPartOf":{"@id":"https:\/\/www.facsimilefinder.com\/articles\/eidgenossische-chronik-des-wernher-schodoler-faksimile\/"},"author":{"name":"Faksimile Verlag","@id":"https:\/\/www.facsimilefinder.com\/articles\/#\/schema\/person\/0febee4b48a7d8843fb8ca8691c3fca8"},"headline":"Eidgen\u00f6ssische Chronik des Wernher Schodoler","datePublished":"2012-08-10T13:45:19+00:00","dateModified":"2017-06-14T07:27:03+00:00","mainEntityOfPage":{"@id":"https:\/\/www.facsimilefinder.com\/articles\/eidgenossische-chronik-des-wernher-schodoler-faksimile\/"},"wordCount":960,"publisher":{"@id":"https:\/\/www.facsimilefinder.com\/articles\/#organization"},"image":{"@id":"https:\/\/www.facsimilefinder.com\/articles\/eidgenossische-chronik-des-wernher-schodoler-faksimile\/#primaryimage"},"thumbnailUrl":"https:\/\/www.facsimilefinder.com\/articles\/wp-content\/uploads\/2012\/08\/388_22_978-3-577-13700-3_EC_offen.png","keywords":["Faksimile Verlag"],"articleSection":["Faksimile Verlag","Illuminated Manuscripts"],"inLanguage":"en-US"},{"@type":"WebPage","@id":"https:\/\/www.facsimilefinder.com\/articles\/eidgenossische-chronik-des-wernher-schodoler-faksimile\/","url":"https:\/\/www.facsimilefinder.com\/articles\/eidgenossische-chronik-des-wernher-schodoler-faksimile\/","name":"Eidgen\u00f6ssische Chronik des Wernher Schodoler - Faksimile Verlag","isPartOf":{"@id":"https:\/\/www.facsimilefinder.com\/articles\/#website"},"primaryImageOfPage":{"@id":"https:\/\/www.facsimilefinder.com\/articles\/eidgenossische-chronik-des-wernher-schodoler-faksimile\/#primaryimage"},"image":{"@id":"https:\/\/www.facsimilefinder.com\/articles\/eidgenossische-chronik-des-wernher-schodoler-faksimile\/#primaryimage"},"thumbnailUrl":"https:\/\/www.facsimilefinder.com\/articles\/wp-content\/uploads\/2012\/08\/388_22_978-3-577-13700-3_EC_offen.png","datePublished":"2012-08-10T13:45:19+00:00","dateModified":"2017-06-14T07:27:03+00:00","description":"Besonders wegen ihrer Illustrationen, die Perspektive und atmosph\u00e4rische Wirkung auszeichnen, gilt diese Chronik aus dem 16. Jahrhundert als Meilenstein der Schweizer Chronistik. Der Stadtschreiber Schodoler \u00fcbernahm den Gro\u00dfteil des Textes kritisch aus bestehenden Chroniken.","inLanguage":"en-US","potentialAction":[{"@type":"ReadAction","target":["https:\/\/www.facsimilefinder.com\/articles\/eidgenossische-chronik-des-wernher-schodoler-faksimile\/"]}]},{"@type":"ImageObject","inLanguage":"en-US","@id":"https:\/\/www.facsimilefinder.com\/articles\/eidgenossische-chronik-des-wernher-schodoler-faksimile\/#primaryimage","url":"https:\/\/www.facsimilefinder.com\/articles\/wp-content\/uploads\/2012\/08\/388_22_978-3-577-13700-3_EC_offen.png","contentUrl":"https:\/\/www.facsimilefinder.com\/articles\/wp-content\/uploads\/2012\/08\/388_22_978-3-577-13700-3_EC_offen.png","width":550,"height":317},{"@type":"WebSite","@id":"https:\/\/www.facsimilefinder.com\/articles\/#website","url":"https:\/\/www.facsimilefinder.com\/articles\/","name":"Facsimile Finder BookPlate","description":"News from the world of facsimile editions and more.","publisher":{"@id":"https:\/\/www.facsimilefinder.com\/articles\/#organization"},"potentialAction":[{"@type":"SearchAction","target":{"@type":"EntryPoint","urlTemplate":"https:\/\/www.facsimilefinder.com\/articles\/?s={search_term_string}"},"query-input":"required name=search_term_string"}],"inLanguage":"en-US"},{"@type":"Organization","@id":"https:\/\/www.facsimilefinder.com\/articles\/#organization","name":"Facsimile Finder","url":"https:\/\/www.facsimilefinder.com\/articles\/","logo":{"@type":"ImageObject","inLanguage":"en-US","@id":"https:\/\/www.facsimilefinder.com\/articles\/#\/schema\/logo\/image\/","url":"https:\/\/www.facsimilefinder.com\/articles\/wp-content\/uploads\/2022\/10\/Logo-FF-Verticale.png","contentUrl":"https:\/\/www.facsimilefinder.com\/articles\/wp-content\/uploads\/2022\/10\/Logo-FF-Verticale.png","width":416,"height":399,"caption":"Facsimile Finder"},"image":{"@id":"https:\/\/www.facsimilefinder.com\/articles\/#\/schema\/logo\/image\/"},"sameAs":["http:\/\/www.facebook.com\/FacsimileFinder","https:\/\/x.com\/FacsimileFinder","https:\/\/www.instagram.com\/facsimilefinder\/","https:\/\/www.linkedin.com\/company\/facsimile-finder\/","https:\/\/www.youtube.com\/@facsimiles"]},{"@type":"Person","@id":"https:\/\/www.facsimilefinder.com\/articles\/#\/schema\/person\/0febee4b48a7d8843fb8ca8691c3fca8","name":"Faksimile Verlag","image":{"@type":"ImageObject","inLanguage":"en-US","@id":"https:\/\/www.facsimilefinder.com\/articles\/#\/schema\/person\/image\/","url":"https:\/\/secure.gravatar.com\/avatar\/6e356486806833e08e75a419ea338eb1?s=96&d=mm&r=g","contentUrl":"https:\/\/secure.gravatar.com\/avatar\/6e356486806833e08e75a419ea338eb1?s=96&d=mm&r=g","caption":"Faksimile Verlag"},"description":"Established in Switzerland in 1974, Faksimile Verlag has published over 60 editions in forty years of activity, and has worked with the most renowned libraries and museums in the world. Through publishing in facsimile the most significant medieval manuscripts, such as the Book of Kells, the Lindisfarne Gospels, the Vienna Coronation Gospels, and many more, Faksimile Verlag is considered a legend within its field. All texts are by courtesy of \u00a9 Faksimile Verlag","url":"https:\/\/www.facsimilefinder.com\/articles\/author\/faksimile-verlag\/"}]}},"jetpack_sharing_enabled":true,"jetpack_featured_media_url":"https:\/\/www.facsimilefinder.com\/articles\/wp-content\/uploads\/2012\/08\/388_22_978-3-577-13700-3_EC_offen.png","jetpack_shortlink":"https:\/\/wp.me\/p6LXaF-Cz","_links":{"self":[{"href":"https:\/\/www.facsimilefinder.com\/articles\/wp-json\/wp\/v2\/posts\/2391"}],"collection":[{"href":"https:\/\/www.facsimilefinder.com\/articles\/wp-json\/wp\/v2\/posts"}],"about":[{"href":"https:\/\/www.facsimilefinder.com\/articles\/wp-json\/wp\/v2\/types\/post"}],"author":[{"embeddable":true,"href":"https:\/\/www.facsimilefinder.com\/articles\/wp-json\/wp\/v2\/users\/13"}],"replies":[{"embeddable":true,"href":"https:\/\/www.facsimilefinder.com\/articles\/wp-json\/wp\/v2\/comments?post=2391"}],"version-history":[{"count":1,"href":"https:\/\/www.facsimilefinder.com\/articles\/wp-json\/wp\/v2\/posts\/2391\/revisions"}],"predecessor-version":[{"id":4127,"href":"https:\/\/www.facsimilefinder.com\/articles\/wp-json\/wp\/v2\/posts\/2391\/revisions\/4127"}],"wp:featuredmedia":[{"embeddable":true,"href":"https:\/\/www.facsimilefinder.com\/articles\/wp-json\/wp\/v2\/media\/4126"}],"wp:attachment":[{"href":"https:\/\/www.facsimilefinder.com\/articles\/wp-json\/wp\/v2\/media?parent=2391"}],"wp:term":[{"taxonomy":"category","embeddable":true,"href":"https:\/\/www.facsimilefinder.com\/articles\/wp-json\/wp\/v2\/categories?post=2391"},{"taxonomy":"post_tag","embeddable":true,"href":"https:\/\/www.facsimilefinder.com\/articles\/wp-json\/wp\/v2\/tags?post=2391"}],"curies":[{"name":"wp","href":"https:\/\/api.w.org\/{rel}","templated":true}]}}